{"id":1074,"date":"2022-04-02T09:23:11","date_gmt":"2022-04-02T09:23:11","guid":{"rendered":"http:\/\/circolopopolare.ch\/index\/?p=1074"},"modified":"2022-11-24T08:05:14","modified_gmt":"2022-11-24T08:05:14","slug":"chiacchierata-con-vanessa-bignasca-sabato-7-maggio","status":"publish","type":"post","link":"https:\/\/circolopopolare.ch\/index\/chiacchierata-con-vanessa-bignasca-sabato-7-maggio\/","title":{"rendered":"Chiacchierata con Vanessa Bignasca sabato 7 maggio"},"content":{"rendered":"<p><strong><em>Presentazione dei lavori di riordino dell\u2019archivio del Circolo Operaio Educativo, ora Circolo Popolare di Lugano<\/em><\/strong><\/p>\n<p><strong><em>Sabato 7 maggio alle ore 10.00 presso la Biblioteca Cantonale di Lugano Sala Tami<\/em><\/strong><\/p>\n<p>La Signora Vanessa Bignasca, laureata in storia contemporanea e incaricata dalla Fondazione Pellegrini-Canevascini, presenter\u00e0 il suo lavoro di riordino del nostro archivio e ci mostrer\u00e0 cosa \u00e8 stato trovato di interessante nei vari documenti.<\/p>\n<p>interverranno :<\/p>\n<p>Signora Francesca Mariani Arcobello, Presidente Fondazione Pellegrini Canevascini<\/p>\n<p>Vanessa Bignasca, storica, che si \u00e8 occupata del riordino dell\u2019archivio<\/p>\n<p>A seguire, visita della mostra promossa dalla Biblioteca cantonale di Lugano su Mario Agliati storico Presidente del Circolo Operaio Educativo<\/p>\n<p><strong><em>\u201cUl gir da la L\u00fczzina\u201d Mario Agliati nella Lugano del buon tempo<\/em><\/strong><\/p>\n<p><strong><em>preceduta da un\u2019introduzione del critico d\u2019arte Dalmazio Ambrosioni<\/em><\/strong><\/p>\n","protected":false},"excerpt":{"rendered":"<p>Presentazione dei lavori di riordino dell\u2019archivio del Circolo Operaio Educativo, ora Circolo Popolare di Lugano Sabato 7 maggio alle ore [&hellip;]<\/p>\n","protected":false},"author":2,"featured_media":1075,"comment_status":"open","ping_status":"open","sticky":false,"template":"","format":"standard","meta":{"footnotes":""},"categories":[13,16],"tags":[],"yoast_head":"<!-- This site is optimized with the Yoast SEO plugin v21.3 - https:\/\/yoast.com\/wordpress\/plugins\/seo\/ -->\n<title>Chiacchierata con Vanessa Bignasca sabato 7 maggio - Circolo Popolare di Lugano<\/title>\n<meta name=\"robots\" content=\"index, follow, max-snippet:-1, max-image-preview:large, max-video-preview:-1\" \/>\n<link rel=\"canonical\" href=\"https:\/\/circolopopolare.ch\/index\/chiacchierata-con-vanessa-bignasca-sabato-7-maggio\/\" \/>\n<meta property=\"og:locale\" content=\"it_IT\" \/>\n<meta property=\"og:type\" content=\"article\" \/>\n<meta property=\"og:title\" content=\"Chiacchierata con Vanessa Bignasca sabato 7 maggio - Circolo Popolare di Lugano\" \/>\n<meta property=\"og:description\" content=\"Presentazione dei lavori di riordino dell\u2019archivio del Circolo Operaio Educativo, ora Circolo Popolare di Lugano Sabato 7 maggio alle ore [&hellip;]\" \/>\n<meta property=\"og:url\" content=\"https:\/\/circolopopolare.ch\/index\/chiacchierata-con-vanessa-bignasca-sabato-7-maggio\/\" \/>\n<meta property=\"og:site_name\" content=\"Circolo Popolare di Lugano\" \/>\n<meta property=\"article:published_time\" content=\"2022-04-02T09:23:11+00:00\" \/>\n<meta property=\"article:modified_time\" content=\"2022-11-24T08:05:14+00:00\" \/>\n<meta property=\"og:image\" content=\"https:\/\/circolopopolare.ch\/index\/wp-content\/uploads\/2022\/04\/Unknown3.jpeg\" \/>\n\t<meta property=\"og:image:width\" content=\"290\" \/>\n\t<meta property=\"og:image:height\" content=\"174\" \/>\n\t<meta property=\"og:image:type\" content=\"image\/jpeg\" \/>\n<meta name=\"author\" content=\"Circolo Popolare di Lugano\" \/>\n<meta name=\"twitter:card\" content=\"summary_large_image\" \/>\n<meta name=\"twitter:label1\" content=\"Scritto da\" \/>\n\t<meta name=\"twitter:data1\" content=\"Circolo Popolare di Lugano\" \/>\n\t<meta name=\"twitter:label2\" content=\"Tempo di lettura stimato\" \/>\n\t<meta name=\"twitter:data2\" content=\"1 minuto\" \/>\n<script type=\"application\/ld+json\" class=\"yoast-schema-graph\">{\"@context\":\"https:\/\/schema.org\",\"@graph\":[{\"@type\":\"WebPage\",\"@id\":\"https:\/\/circolopopolare.ch\/index\/chiacchierata-con-vanessa-bignasca-sabato-7-maggio\/\",\"url\":\"https:\/\/circolopopolare.ch\/index\/chiacchierata-con-vanessa-bignasca-sabato-7-maggio\/\",\"name\":\"Chiacchierata con Vanessa Bignasca sabato 7 maggio - Circolo Popolare di Lugano\",\"isPartOf\":{\"@id\":\"https:\/\/circolopopolare.ch\/index\/#website\"},\"datePublished\":\"2022-04-02T09:23:11+00:00\",\"dateModified\":\"2022-11-24T08:05:14+00:00\",\"author\":{\"@id\":\"https:\/\/circolopopolare.ch\/index\/#\/schema\/person\/c9ff0692d8e291ddeeea26ed6e212c59\"},\"breadcrumb\":{\"@id\":\"https:\/\/circolopopolare.ch\/index\/chiacchierata-con-vanessa-bignasca-sabato-7-maggio\/#breadcrumb\"},\"inLanguage\":\"it-IT\",\"potentialAction\":[{\"@type\":\"ReadAction\",\"target\":[\"https:\/\/circolopopolare.ch\/index\/chiacchierata-con-vanessa-bignasca-sabato-7-maggio\/\"]}]},{\"@type\":\"BreadcrumbList\",\"@id\":\"https:\/\/circolopopolare.ch\/index\/chiacchierata-con-vanessa-bignasca-sabato-7-maggio\/#breadcrumb\",\"itemListElement\":[{\"@type\":\"ListItem\",\"position\":1,\"name\":\"Home\",\"item\":\"https:\/\/circolopopolare.ch\/index\/\"},{\"@type\":\"ListItem\",\"position\":2,\"name\":\"Chiacchierata con Vanessa Bignasca sabato 7 maggio\"}]},{\"@type\":\"WebSite\",\"@id\":\"https:\/\/circolopopolare.ch\/index\/#website\",\"url\":\"https:\/\/circolopopolare.ch\/index\/\",\"name\":\"Circolo Popolare di Lugano\",\"description\":\"\",\"potentialAction\":[{\"@type\":\"SearchAction\",\"target\":{\"@type\":\"EntryPoint\",\"urlTemplate\":\"https:\/\/circolopopolare.ch\/index\/?s={search_term_string}\"},\"query-input\":\"required name=search_term_string\"}],\"inLanguage\":\"it-IT\"},{\"@type\":\"Person\",\"@id\":\"https:\/\/circolopopolare.ch\/index\/#\/schema\/person\/c9ff0692d8e291ddeeea26ed6e212c59\",\"name\":\"Circolo Popolare di Lugano\",\"image\":{\"@type\":\"ImageObject\",\"inLanguage\":\"it-IT\",\"@id\":\"https:\/\/circolopopolare.ch\/index\/#\/schema\/person\/image\/\",\"url\":\"https:\/\/secure.gravatar.com\/avatar\/c70225a2de7ac8d9fab5be6c7bccd4bc?s=96&d=mm&r=g\",\"contentUrl\":\"https:\/\/secure.gravatar.com\/avatar\/c70225a2de7ac8d9fab5be6c7bccd4bc?s=96&d=mm&r=g\",\"caption\":\"Circolo Popolare di Lugano\"},\"url\":\"https:\/\/circolopopolare.ch\/index\/author\/circolopopolare\/\"}]}<\/script>\n<!-- \/ Yoast SEO plugin. -->","yoast_head_json":{"title":"Chiacchierata con Vanessa Bignasca sabato 7 maggio - Circolo Popolare di Lugano","robots":{"index":"index","follow":"follow","max-snippet":"max-snippet:-1","max-image-preview":"max-image-preview:large","max-video-preview":"max-video-preview:-1"},"canonical":"https:\/\/circolopopolare.ch\/index\/chiacchierata-con-vanessa-bignasca-sabato-7-maggio\/","og_locale":"it_IT","og_type":"article","og_title":"Chiacchierata con Vanessa Bignasca sabato 7 maggio - Circolo Popolare di Lugano","og_description":"Presentazione dei lavori di riordino dell\u2019archivio del Circolo Operaio Educativo, ora Circolo Popolare di Lugano Sabato 7 maggio alle ore [&hellip;]","og_url":"https:\/\/circolopopolare.ch\/index\/chiacchierata-con-vanessa-bignasca-sabato-7-maggio\/","og_site_name":"Circolo Popolare di Lugano","article_published_time":"2022-04-02T09:23:11+00:00","article_modified_time":"2022-11-24T08:05:14+00:00","og_image":[{"width":290,"height":174,"url":"https:\/\/circolopopolare.ch\/index\/wp-content\/uploads\/2022\/04\/Unknown3.jpeg","type":"image\/jpeg"}],"author":"Circolo Popolare di Lugano","twitter_card":"summary_large_image","twitter_misc":{"Scritto da":"Circolo Popolare di Lugano","Tempo di lettura stimato":"1 minuto"},"schema":{"@context":"https:\/\/schema.org","@graph":[{"@type":"WebPage","@id":"https:\/\/circolopopolare.ch\/index\/chiacchierata-con-vanessa-bignasca-sabato-7-maggio\/","url":"https:\/\/circolopopolare.ch\/index\/chiacchierata-con-vanessa-bignasca-sabato-7-maggio\/","name":"Chiacchierata con Vanessa Bignasca sabato 7 maggio - Circolo Popolare di Lugano","isPartOf":{"@id":"https:\/\/circolopopolare.ch\/index\/#website"},"datePublished":"2022-04-02T09:23:11+00:00","dateModified":"2022-11-24T08:05:14+00:00","author":{"@id":"https:\/\/circolopopolare.ch\/index\/#\/schema\/person\/c9ff0692d8e291ddeeea26ed6e212c59"},"breadcrumb":{"@id":"https:\/\/circolopopolare.ch\/index\/chiacchierata-con-vanessa-bignasca-sabato-7-maggio\/#breadcrumb"},"inLanguage":"it-IT","potentialAction":[{"@type":"ReadAction","target":["https:\/\/circolopopolare.ch\/index\/chiacchierata-con-vanessa-bignasca-sabato-7-maggio\/"]}]},{"@type":"BreadcrumbList","@id":"https:\/\/circolopopolare.ch\/index\/chiacchierata-con-vanessa-bignasca-sabato-7-maggio\/#breadcrumb","itemListElement":[{"@type":"ListItem","position":1,"name":"Home","item":"https:\/\/circolopopolare.ch\/index\/"},{"@type":"ListItem","position":2,"name":"Chiacchierata con Vanessa Bignasca sabato 7 maggio"}]},{"@type":"WebSite","@id":"https:\/\/circolopopolare.ch\/index\/#website","url":"https:\/\/circolopopolare.ch\/index\/","name":"Circolo Popolare di Lugano","description":"","potentialAction":[{"@type":"SearchAction","target":{"@type":"EntryPoint","urlTemplate":"https:\/\/circolopopolare.ch\/index\/?s={search_term_string}"},"query-input":"required name=search_term_string"}],"inLanguage":"it-IT"},{"@type":"Person","@id":"https:\/\/circolopopolare.ch\/index\/#\/schema\/person\/c9ff0692d8e291ddeeea26ed6e212c59","name":"Circolo Popolare di Lugano","image":{"@type":"ImageObject","inLanguage":"it-IT","@id":"https:\/\/circolopopolare.ch\/index\/#\/schema\/person\/image\/","url":"https:\/\/secure.gravatar.com\/avatar\/c70225a2de7ac8d9fab5be6c7bccd4bc?s=96&d=mm&r=g","contentUrl":"https:\/\/secure.gravatar.com\/avatar\/c70225a2de7ac8d9fab5be6c7bccd4bc?s=96&d=mm&r=g","caption":"Circolo Popolare di Lugano"},"url":"https:\/\/circolopopolare.ch\/index\/author\/circolopopolare\/"}]}},"_links":{"self":[{"href":"https:\/\/circolopopolare.ch\/index\/wp-json\/wp\/v2\/posts\/1074"}],"collection":[{"href":"https:\/\/circolopopolare.ch\/index\/wp-json\/wp\/v2\/posts"}],"about":[{"href":"https:\/\/circolopopolare.ch\/index\/wp-json\/wp\/v2\/types\/post"}],"author":[{"embeddable":true,"href":"https:\/\/circolopopolare.ch\/index\/wp-json\/wp\/v2\/users\/2"}],"replies":[{"embeddable":true,"href":"https:\/\/circolopopolare.ch\/index\/wp-json\/wp\/v2\/comments?post=1074"}],"version-history":[{"count":3,"href":"https:\/\/circolopopolare.ch\/index\/wp-json\/wp\/v2\/posts\/1074\/revisions"}],"predecessor-version":[{"id":1079,"href":"https:\/\/circolopopolare.ch\/index\/wp-json\/wp\/v2\/posts\/1074\/revisions\/1079"}],"wp:featuredmedia":[{"embeddable":true,"href":"https:\/\/circolopopolare.ch\/index\/wp-json\/wp\/v2\/media\/1075"}],"wp:attachment":[{"href":"https:\/\/circolopopolare.ch\/index\/wp-json\/wp\/v2\/media?parent=1074"}],"wp:term":[{"taxonomy":"category","embeddable":true,"href":"https:\/\/circolopopolare.ch\/index\/wp-json\/wp\/v2\/categories?post=1074"},{"taxonomy":"post_tag","embeddable":true,"href":"https:\/\/circolopopolare.ch\/index\/wp-json\/wp\/v2\/tags?post=1074"}],"curies":[{"name":"wp","href":"https:\/\/api.w.org\/{rel}","templated":true}]}}