{"id":1113,"date":"2023-11-28T14:16:00","date_gmt":"2023-11-28T14:16:00","guid":{"rendered":"https:\/\/circolopopolare.ch\/index\/?p=1113"},"modified":"2024-01-08T10:34:36","modified_gmt":"2024-01-08T10:34:36","slug":"sabato-16-dicembre-presentazione-del-libro-pedann-da-memoria-e-incontro-con-lautore","status":"publish","type":"post","link":"https:\/\/circolopopolare.ch\/index\/sabato-16-dicembre-presentazione-del-libro-pedann-da-memoria-e-incontro-con-lautore\/","title":{"rendered":"Sabato 16 dicembre presentazione del libro \u201c Pedann da memoria\u201d e incontro con l\u2019autore"},"content":{"rendered":"<p>In un passato povero di tecnologia come faceva il contadino a sapere quando fosse giunto<\/p>\n<p>il momento di seminare, di falciare il fieno, di fare vendemmia? Nella civilt\u00e0 contadina i<\/p>\n<p>saperi derivavano da una lunga esperienza, dalle conoscenze trasmesse di padre in figlio,<\/p>\n<p>da messaggi orali, da proverbi. Un tempo l\u2019idea di sapere coincideva con quella di<\/p>\n<p>esperienza. Di conseguenza la cultura popolare tendeva a perpetuare condizioni di vita che<\/p>\n<p>prevedevano pochi cambiamenti. L\u2019esperienza rappresentava un bene essenziale e coloro<\/p>\n<p>che ne erano i depositari, gli anziani, godevano di stima e di fiducia. Si procedeva con<\/p>\n<p>cautela poich\u00e9 la novit\u00e0 era un rischio che avrebbe potuto mettere in difficolt\u00e0 una<\/p>\n<p>comunit\u00e0 intera. I cambiamenti lenti e ponderati del passato ci permettono di intuire la<\/p>\n<p>mentalit\u00e0 e il modo di vivere dei nostri antenati.<\/p>\n<p><b>A seguire lettura di alcune poesie scritte dalla nostra socia Elena Ghielmini e<\/b><\/p>\n<p><b>tratte dal suo libro \u201cGermogliare reb\u00fct\u00e0-risorgere\u201d<\/b><\/p>\n<p><b>al termine aperitivo offerto<\/b><\/p>\n","protected":false},"excerpt":{"rendered":"<p>In un passato povero di tecnologia come faceva il contadino a sapere quando fosse giunto il momento di seminare, di [&hellip;]<\/p>\n","protected":false},"author":2,"featured_media":1114,"comment_status":"open","ping_status":"open","sticky":false,"template":"","format":"standard","meta":{"footnotes":""},"categories":[16],"tags":[],"yoast_head":"<!-- This site is optimized with the Yoast SEO plugin v21.3 - https:\/\/yoast.com\/wordpress\/plugins\/seo\/ -->\n<title>Sabato 16 dicembre presentazione del libro \u201c Pedann da memoria\u201d e incontro con l\u2019autore - Circolo Popolare di Lugano<\/title>\n<meta name=\"robots\" content=\"index, follow, max-snippet:-1, max-image-preview:large, max-video-preview:-1\" \/>\n<link rel=\"canonical\" href=\"https:\/\/circolopopolare.ch\/index\/sabato-16-dicembre-presentazione-del-libro-pedann-da-memoria-e-incontro-con-lautore\/\" \/>\n<meta property=\"og:locale\" content=\"it_IT\" \/>\n<meta property=\"og:type\" content=\"article\" \/>\n<meta property=\"og:title\" content=\"Sabato 16 dicembre presentazione del libro \u201c Pedann da memoria\u201d e incontro con l\u2019autore - Circolo Popolare di Lugano\" \/>\n<meta property=\"og:description\" content=\"In un passato povero di tecnologia come faceva il contadino a sapere quando fosse giunto il momento di seminare, di [&hellip;]\" \/>\n<meta property=\"og:url\" content=\"https:\/\/circolopopolare.ch\/index\/sabato-16-dicembre-presentazione-del-libro-pedann-da-memoria-e-incontro-con-lautore\/\" \/>\n<meta property=\"og:site_name\" content=\"Circolo Popolare di Lugano\" \/>\n<meta property=\"article:published_time\" content=\"2023-11-28T14:16:00+00:00\" \/>\n<meta property=\"article:modified_time\" content=\"2024-01-08T10:34:36+00:00\" \/>\n<meta property=\"og:image\" content=\"https:\/\/circolopopolare.ch\/index\/wp-content\/uploads\/2023\/11\/Pedann-Libro-Bottinelli-Copertina-per-catalogo-600x720-1.jpg\" \/>\n\t<meta property=\"og:image:width\" content=\"600\" \/>\n\t<meta property=\"og:image:height\" content=\"720\" \/>\n\t<meta property=\"og:image:type\" content=\"image\/jpeg\" \/>\n<meta name=\"author\" content=\"Circolo Popolare di Lugano\" \/>\n<meta name=\"twitter:card\" content=\"summary_large_image\" \/>\n<meta name=\"twitter:label1\" content=\"Scritto da\" \/>\n\t<meta name=\"twitter:data1\" content=\"Circolo Popolare di Lugano\" \/>\n\t<meta name=\"twitter:label2\" content=\"Tempo di lettura stimato\" \/>\n\t<meta name=\"twitter:data2\" content=\"1 minuto\" \/>\n<script type=\"application\/ld+json\" class=\"yoast-schema-graph\">{\"@context\":\"https:\/\/schema.org\",\"@graph\":[{\"@type\":\"WebPage\",\"@id\":\"https:\/\/circolopopolare.ch\/index\/sabato-16-dicembre-presentazione-del-libro-pedann-da-memoria-e-incontro-con-lautore\/\",\"url\":\"https:\/\/circolopopolare.ch\/index\/sabato-16-dicembre-presentazione-del-libro-pedann-da-memoria-e-incontro-con-lautore\/\",\"name\":\"Sabato 16 dicembre presentazione del libro \u201c Pedann da memoria\u201d e incontro con l\u2019autore - Circolo Popolare di Lugano\",\"isPartOf\":{\"@id\":\"https:\/\/circolopopolare.ch\/index\/#website\"},\"datePublished\":\"2023-11-28T14:16:00+00:00\",\"dateModified\":\"2024-01-08T10:34:36+00:00\",\"author\":{\"@id\":\"https:\/\/circolopopolare.ch\/index\/#\/schema\/person\/c9ff0692d8e291ddeeea26ed6e212c59\"},\"breadcrumb\":{\"@id\":\"https:\/\/circolopopolare.ch\/index\/sabato-16-dicembre-presentazione-del-libro-pedann-da-memoria-e-incontro-con-lautore\/#breadcrumb\"},\"inLanguage\":\"it-IT\",\"potentialAction\":[{\"@type\":\"ReadAction\",\"target\":[\"https:\/\/circolopopolare.ch\/index\/sabato-16-dicembre-presentazione-del-libro-pedann-da-memoria-e-incontro-con-lautore\/\"]}]},{\"@type\":\"BreadcrumbList\",\"@id\":\"https:\/\/circolopopolare.ch\/index\/sabato-16-dicembre-presentazione-del-libro-pedann-da-memoria-e-incontro-con-lautore\/#breadcrumb\",\"itemListElement\":[{\"@type\":\"ListItem\",\"position\":1,\"name\":\"Home\",\"item\":\"https:\/\/circolopopolare.ch\/index\/\"},{\"@type\":\"ListItem\",\"position\":2,\"name\":\"Sabato 16 dicembre presentazione del libro \u201c Pedann da memoria\u201d e incontro con l\u2019autore\"}]},{\"@type\":\"WebSite\",\"@id\":\"https:\/\/circolopopolare.ch\/index\/#website\",\"url\":\"https:\/\/circolopopolare.ch\/index\/\",\"name\":\"Circolo Popolare di Lugano\",\"description\":\"\",\"potentialAction\":[{\"@type\":\"SearchAction\",\"target\":{\"@type\":\"EntryPoint\",\"urlTemplate\":\"https:\/\/circolopopolare.ch\/index\/?s={search_term_string}\"},\"query-input\":\"required name=search_term_string\"}],\"inLanguage\":\"it-IT\"},{\"@type\":\"Person\",\"@id\":\"https:\/\/circolopopolare.ch\/index\/#\/schema\/person\/c9ff0692d8e291ddeeea26ed6e212c59\",\"name\":\"Circolo Popolare di Lugano\",\"image\":{\"@type\":\"ImageObject\",\"inLanguage\":\"it-IT\",\"@id\":\"https:\/\/circolopopolare.ch\/index\/#\/schema\/person\/image\/\",\"url\":\"https:\/\/secure.gravatar.com\/avatar\/c70225a2de7ac8d9fab5be6c7bccd4bc?s=96&d=mm&r=g\",\"contentUrl\":\"https:\/\/secure.gravatar.com\/avatar\/c70225a2de7ac8d9fab5be6c7bccd4bc?s=96&d=mm&r=g\",\"caption\":\"Circolo Popolare di Lugano\"},\"url\":\"https:\/\/circolopopolare.ch\/index\/author\/circolopopolare\/\"}]}<\/script>\n<!-- \/ Yoast SEO plugin. -->","yoast_head_json":{"title":"Sabato 16 dicembre presentazione del libro \u201c Pedann da memoria\u201d e incontro con l\u2019autore - Circolo Popolare di Lugano","robots":{"index":"index","follow":"follow","max-snippet":"max-snippet:-1","max-image-preview":"max-image-preview:large","max-video-preview":"max-video-preview:-1"},"canonical":"https:\/\/circolopopolare.ch\/index\/sabato-16-dicembre-presentazione-del-libro-pedann-da-memoria-e-incontro-con-lautore\/","og_locale":"it_IT","og_type":"article","og_title":"Sabato 16 dicembre presentazione del libro \u201c Pedann da memoria\u201d e incontro con l\u2019autore - Circolo Popolare di Lugano","og_description":"In un passato povero di tecnologia come faceva il contadino a sapere quando fosse giunto il momento di seminare, di [&hellip;]","og_url":"https:\/\/circolopopolare.ch\/index\/sabato-16-dicembre-presentazione-del-libro-pedann-da-memoria-e-incontro-con-lautore\/","og_site_name":"Circolo Popolare di Lugano","article_published_time":"2023-11-28T14:16:00+00:00","article_modified_time":"2024-01-08T10:34:36+00:00","og_image":[{"width":600,"height":720,"url":"https:\/\/circolopopolare.ch\/index\/wp-content\/uploads\/2023\/11\/Pedann-Libro-Bottinelli-Copertina-per-catalogo-600x720-1.jpg","type":"image\/jpeg"}],"author":"Circolo Popolare di Lugano","twitter_card":"summary_large_image","twitter_misc":{"Scritto da":"Circolo Popolare di Lugano","Tempo di lettura stimato":"1 minuto"},"schema":{"@context":"https:\/\/schema.org","@graph":[{"@type":"WebPage","@id":"https:\/\/circolopopolare.ch\/index\/sabato-16-dicembre-presentazione-del-libro-pedann-da-memoria-e-incontro-con-lautore\/","url":"https:\/\/circolopopolare.ch\/index\/sabato-16-dicembre-presentazione-del-libro-pedann-da-memoria-e-incontro-con-lautore\/","name":"Sabato 16 dicembre presentazione del libro \u201c Pedann da memoria\u201d e incontro con l\u2019autore - Circolo Popolare di Lugano","isPartOf":{"@id":"https:\/\/circolopopolare.ch\/index\/#website"},"datePublished":"2023-11-28T14:16:00+00:00","dateModified":"2024-01-08T10:34:36+00:00","author":{"@id":"https:\/\/circolopopolare.ch\/index\/#\/schema\/person\/c9ff0692d8e291ddeeea26ed6e212c59"},"breadcrumb":{"@id":"https:\/\/circolopopolare.ch\/index\/sabato-16-dicembre-presentazione-del-libro-pedann-da-memoria-e-incontro-con-lautore\/#breadcrumb"},"inLanguage":"it-IT","potentialAction":[{"@type":"ReadAction","target":["https:\/\/circolopopolare.ch\/index\/sabato-16-dicembre-presentazione-del-libro-pedann-da-memoria-e-incontro-con-lautore\/"]}]},{"@type":"BreadcrumbList","@id":"https:\/\/circolopopolare.ch\/index\/sabato-16-dicembre-presentazione-del-libro-pedann-da-memoria-e-incontro-con-lautore\/#breadcrumb","itemListElement":[{"@type":"ListItem","position":1,"name":"Home","item":"https:\/\/circolopopolare.ch\/index\/"},{"@type":"ListItem","position":2,"name":"Sabato 16 dicembre presentazione del libro \u201c Pedann da memoria\u201d e incontro con l\u2019autore"}]},{"@type":"WebSite","@id":"https:\/\/circolopopolare.ch\/index\/#website","url":"https:\/\/circolopopolare.ch\/index\/","name":"Circolo Popolare di Lugano","description":"","potentialAction":[{"@type":"SearchAction","target":{"@type":"EntryPoint","urlTemplate":"https:\/\/circolopopolare.ch\/index\/?s={search_term_string}"},"query-input":"required name=search_term_string"}],"inLanguage":"it-IT"},{"@type":"Person","@id":"https:\/\/circolopopolare.ch\/index\/#\/schema\/person\/c9ff0692d8e291ddeeea26ed6e212c59","name":"Circolo Popolare di Lugano","image":{"@type":"ImageObject","inLanguage":"it-IT","@id":"https:\/\/circolopopolare.ch\/index\/#\/schema\/person\/image\/","url":"https:\/\/secure.gravatar.com\/avatar\/c70225a2de7ac8d9fab5be6c7bccd4bc?s=96&d=mm&r=g","contentUrl":"https:\/\/secure.gravatar.com\/avatar\/c70225a2de7ac8d9fab5be6c7bccd4bc?s=96&d=mm&r=g","caption":"Circolo Popolare di Lugano"},"url":"https:\/\/circolopopolare.ch\/index\/author\/circolopopolare\/"}]}},"_links":{"self":[{"href":"https:\/\/circolopopolare.ch\/index\/wp-json\/wp\/v2\/posts\/1113"}],"collection":[{"href":"https:\/\/circolopopolare.ch\/index\/wp-json\/wp\/v2\/posts"}],"about":[{"href":"https:\/\/circolopopolare.ch\/index\/wp-json\/wp\/v2\/types\/post"}],"author":[{"embeddable":true,"href":"https:\/\/circolopopolare.ch\/index\/wp-json\/wp\/v2\/users\/2"}],"replies":[{"embeddable":true,"href":"https:\/\/circolopopolare.ch\/index\/wp-json\/wp\/v2\/comments?post=1113"}],"version-history":[{"count":1,"href":"https:\/\/circolopopolare.ch\/index\/wp-json\/wp\/v2\/posts\/1113\/revisions"}],"predecessor-version":[{"id":1115,"href":"https:\/\/circolopopolare.ch\/index\/wp-json\/wp\/v2\/posts\/1113\/revisions\/1115"}],"wp:featuredmedia":[{"embeddable":true,"href":"https:\/\/circolopopolare.ch\/index\/wp-json\/wp\/v2\/media\/1114"}],"wp:attachment":[{"href":"https:\/\/circolopopolare.ch\/index\/wp-json\/wp\/v2\/media?parent=1113"}],"wp:term":[{"taxonomy":"category","embeddable":true,"href":"https:\/\/circolopopolare.ch\/index\/wp-json\/wp\/v2\/categories?post=1113"},{"taxonomy":"post_tag","embeddable":true,"href":"https:\/\/circolopopolare.ch\/index\/wp-json\/wp\/v2\/tags?post=1113"}],"curies":[{"name":"wp","href":"https:\/\/api.w.org\/{rel}","templated":true}]}}